{"id":1720,"date":"2018-12-29T16:55:37","date_gmt":"2018-12-29T15:55:37","guid":{"rendered":"https:\/\/wavetrophy.sonnegg.ch\/?p=1720"},"modified":"2018-12-29T16:58:14","modified_gmt":"2018-12-29T15:58:14","slug":"so-wuerde-es-aussehen-provisorisch-natuerlich","status":"publish","type":"post","link":"https:\/\/wavetrophy.sonnegg.ch\/?p=1720","title":{"rendered":"So w\u00fcrde es aussehen (provisorisch nat\u00fcrlich)"},"content":{"rendered":"<p>Xaver ist sich wieder fleissig am \u00dcberlegen.<\/p>\n<ul>\n<li>Wollen wir zwei \ud83d\ude0a? Ich schon &#8211; und du?<\/li>\n<li>Ist es f\u00fcr mich \u00fcberhaupt machbar \ud83e\udd14? Es sind schon erhebliche H\u00f6henmeter und Distanzen zu bew\u00e4ltigen.<\/li>\n<li>Was macht Xaver am Samstag, 22.06.2019? Eine seiner T\u00f6chter heiratet an diesem Tag.<\/li>\n<\/ul>\n<p>Auf jeden Fall hat er mal Zahlen und Fakten gesammelt. Da noch nichts definitiv seitens Wavetrophy-OK ist, sind auch die Angaben nur provisorisch. Xaver hat mit MapOut die Routen gezeichnet und dann deren Angaben benutzt.<\/p>\n<p>Aber schau doch mal selbst&nbsp;<br \/>\n\n<table id=\"tablepress-13\" class=\"tablepress tablepress-id-13\">\n<tbody>\n<tr class=\"row-1\">\n\t<td class=\"column-1\"><strong>Tag<\/strong><\/td><td class=\"column-2\"><strong>Start - Ziel<\/strong><\/td><td class=\"column-3\"><strong>Daten<\/strong><\/td><td class=\"column-4\"><strong>Karte<\/strong><\/td>\n<\/tr>\n<tr class=\"row-2\">\n\t<td class=\"column-1\">Freitag, 14.06.2019<\/td><td class=\"column-2\">Anfahrt Illgau - Reinach (BL)<\/td><td class=\"column-3\">ca. 145km<br \/>\n1'585 Hm rauf<br \/>\n2'214 Hm runter<br \/>\n<\/td><td class=\"column-4\"><a href=\"https:\/\/wavetrophy.sonnegg.ch\/wp-content\/uploads\/2018\/12\/2019_WaveCH_Tag-1-1.jpg\"><img loading=\"lazy\" decoding=\"async\" src=\"https:\/\/wavetrophy.sonnegg.ch\/wp-content\/uploads\/2018\/12\/2019_WaveCH_Tag-1-1-300x225.jpg\" alt=\"\" width=\"150\" height=\"112\" class=\"alignnone size-medium wp-image-1709\" srcset=\"https:\/\/wavetrophy.sonnegg.ch\/wp-content\/uploads\/2018\/12\/2019_WaveCH_Tag-1-1-300x225.jpg 300w, https:\/\/wavetrophy.sonnegg.ch\/wp-content\/uploads\/2018\/12\/2019_WaveCH_Tag-1-1-768x576.jpg 768w, https:\/\/wavetrophy.sonnegg.ch\/wp-content\/uploads\/2018\/12\/2019_WaveCH_Tag-1-1-1024x768.jpg 1024w\" sizes=\"auto, (max-width: 150px) 100vw, 150px\" \/><\/a><\/td>\n<\/tr>\n<tr class=\"row-3\">\n\t<td class=\"column-1\">Samstag, 15.06.2019<\/td><td class=\"column-2\">Reinach - Basel - Liestal - Aarau - Zug<\/td><td class=\"column-3\">ca. 114km<br \/>\n1'073 Hm rauf<br \/>\n934 runter<\/td><td class=\"column-4\"><a href=\"https:\/\/wavetrophy.sonnegg.ch\/wp-content\/uploads\/2018\/12\/2019_WaveCH_Tag-2-1.jpg\"><img loading=\"lazy\" decoding=\"async\" src=\"https:\/\/wavetrophy.sonnegg.ch\/wp-content\/uploads\/2018\/12\/2019_WaveCH_Tag-2-1-300x225.jpg\" alt=\"\" width=\"150\" height=\"112\" class=\"alignnone size-medium wp-image-1710\" srcset=\"https:\/\/wavetrophy.sonnegg.ch\/wp-content\/uploads\/2018\/12\/2019_WaveCH_Tag-2-1-300x225.jpg 300w, https:\/\/wavetrophy.sonnegg.ch\/wp-content\/uploads\/2018\/12\/2019_WaveCH_Tag-2-1-768x576.jpg 768w, https:\/\/wavetrophy.sonnegg.ch\/wp-content\/uploads\/2018\/12\/2019_WaveCH_Tag-2-1-1024x768.jpg 1024w\" sizes=\"auto, (max-width: 150px) 100vw, 150px\" \/><\/a><\/td>\n<\/tr>\n<tr class=\"row-4\">\n\t<td class=\"column-1\">Sonntag, 16.06.2019<\/td><td class=\"column-2\">Zug - Schwyz - Altdorf - Glarus - Z\u00fcrich -<br \/>\nSchaffhausen - Frauenfeld - Wil<\/td><td class=\"column-3\">ca. 274km<br \/>\n4'999 Hm rauf<br \/>\n4'840 Hm runter<\/td><td class=\"column-4\"><a href=\"https:\/\/wavetrophy.sonnegg.ch\/wp-content\/uploads\/2018\/12\/2019_WaveCH_Tag-3-1.jpg\"><img loading=\"lazy\" decoding=\"async\" src=\"https:\/\/wavetrophy.sonnegg.ch\/wp-content\/uploads\/2018\/12\/2019_WaveCH_Tag-3-1-300x225.jpg\" alt=\"\" width=\"150\" height=\"112\" class=\"alignnone size-medium wp-image-1711\" srcset=\"https:\/\/wavetrophy.sonnegg.ch\/wp-content\/uploads\/2018\/12\/2019_WaveCH_Tag-3-1-300x225.jpg 300w, https:\/\/wavetrophy.sonnegg.ch\/wp-content\/uploads\/2018\/12\/2019_WaveCH_Tag-3-1-768x576.jpg 768w, https:\/\/wavetrophy.sonnegg.ch\/wp-content\/uploads\/2018\/12\/2019_WaveCH_Tag-3-1-1024x768.jpg 1024w\" sizes=\"auto, (max-width: 150px) 100vw, 150px\" \/><\/a><\/td>\n<\/tr>\n<tr class=\"row-5\">\n\t<td class=\"column-1\">Montag, 17.06.2019<\/td><td class=\"column-2\">Wil - Herisau -Appenzell - St. Gallen -<br \/>\nChur - Laax<\/td><td class=\"column-3\">ca. 186km<br \/>\n3'308 Hm rauf<br \/>\n2'847 Hm runter<\/td><td class=\"column-4\"><a href=\"https:\/\/wavetrophy.sonnegg.ch\/wp-content\/uploads\/2018\/12\/2019_WaveCH_Tag-4.jpg\"><img loading=\"lazy\" decoding=\"async\" src=\"https:\/\/wavetrophy.sonnegg.ch\/wp-content\/uploads\/2018\/12\/2019_WaveCH_Tag-4-300x225.jpg\" alt=\"\" width=\"150\" height=\"112\" class=\"alignnone size-medium wp-image-1734\" srcset=\"https:\/\/wavetrophy.sonnegg.ch\/wp-content\/uploads\/2018\/12\/2019_WaveCH_Tag-4-300x225.jpg 300w, https:\/\/wavetrophy.sonnegg.ch\/wp-content\/uploads\/2018\/12\/2019_WaveCH_Tag-4-768x576.jpg 768w, https:\/\/wavetrophy.sonnegg.ch\/wp-content\/uploads\/2018\/12\/2019_WaveCH_Tag-4-1024x768.jpg 1024w\" sizes=\"auto, (max-width: 150px) 100vw, 150px\" \/><\/a><\/td>\n<\/tr>\n<tr class=\"row-6\">\n\t<td class=\"column-1\">Dienstag, 18.06.2019<\/td><td class=\"column-2\">Laax - Bellinzona - Visp (Annahme)<\/td><td class=\"column-3\">ca. 251km<br \/>\n8'419 Hm rauf<br \/>\n8'799 Hm runter<\/td><td class=\"column-4\"><a href=\"https:\/\/wavetrophy.sonnegg.ch\/wp-content\/uploads\/2018\/12\/2019_WaveCH_Tag-5.jpg\"><img loading=\"lazy\" decoding=\"async\" src=\"https:\/\/wavetrophy.sonnegg.ch\/wp-content\/uploads\/2018\/12\/2019_WaveCH_Tag-5-300x225.jpg\" alt=\"\" width=\"150\" height=\"112\" class=\"alignnone size-medium wp-image-1713\" srcset=\"https:\/\/wavetrophy.sonnegg.ch\/wp-content\/uploads\/2018\/12\/2019_WaveCH_Tag-5-300x225.jpg 300w, https:\/\/wavetrophy.sonnegg.ch\/wp-content\/uploads\/2018\/12\/2019_WaveCH_Tag-5-768x576.jpg 768w, https:\/\/wavetrophy.sonnegg.ch\/wp-content\/uploads\/2018\/12\/2019_WaveCH_Tag-5-1024x768.jpg 1024w\" sizes=\"auto, (max-width: 150px) 100vw, 150px\" \/><\/a><\/td>\n<\/tr>\n<tr class=\"row-7\">\n\t<td class=\"column-1\">Mittwoch, 19.06.2019<\/td><td class=\"column-2\">Visp - Sion - Chamonix - Genf<\/td><td class=\"column-3\">ca. 201km<br \/>\n3'144 Hm rauf<br \/>\n3'418 Hm runter<\/td><td class=\"column-4\"><a href=\"https:\/\/wavetrophy.sonnegg.ch\/wp-content\/uploads\/2018\/12\/2019_WaveCH_Tag-6.jpg\"><img loading=\"lazy\" decoding=\"async\" src=\"https:\/\/wavetrophy.sonnegg.ch\/wp-content\/uploads\/2018\/12\/2019_WaveCH_Tag-6-300x225.jpg\" alt=\"\" width=\"150\" height=\"112\" class=\"alignnone size-medium wp-image-1714\" srcset=\"https:\/\/wavetrophy.sonnegg.ch\/wp-content\/uploads\/2018\/12\/2019_WaveCH_Tag-6-300x225.jpg 300w, https:\/\/wavetrophy.sonnegg.ch\/wp-content\/uploads\/2018\/12\/2019_WaveCH_Tag-6-768x576.jpg 768w, https:\/\/wavetrophy.sonnegg.ch\/wp-content\/uploads\/2018\/12\/2019_WaveCH_Tag-6-1024x768.jpg 1024w\" sizes=\"auto, (max-width: 150px) 100vw, 150px\" \/><\/a><\/td>\n<\/tr>\n<tr class=\"row-8\">\n\t<td class=\"column-1\">Donnerstag, 20.06.2019<\/td><td class=\"column-2\">Genf - Lausanne - Avry-sur-Matran (Annahme)<\/td><td class=\"column-3\">ca 136km<br \/>\n1'118 Hm rauf<br \/>\n862 Hm runter<\/td><td class=\"column-4\"><a href=\"https:\/\/wavetrophy.sonnegg.ch\/wp-content\/uploads\/2018\/12\/2019_WaveCH_Tag-7.jpg\"><img loading=\"lazy\" decoding=\"async\" src=\"https:\/\/wavetrophy.sonnegg.ch\/wp-content\/uploads\/2018\/12\/2019_WaveCH_Tag-7-300x225.jpg\" alt=\"\" width=\"150\" height=\"112\" class=\"alignnone size-medium wp-image-1715\" srcset=\"https:\/\/wavetrophy.sonnegg.ch\/wp-content\/uploads\/2018\/12\/2019_WaveCH_Tag-7-300x225.jpg 300w, https:\/\/wavetrophy.sonnegg.ch\/wp-content\/uploads\/2018\/12\/2019_WaveCH_Tag-7-768x576.jpg 768w, https:\/\/wavetrophy.sonnegg.ch\/wp-content\/uploads\/2018\/12\/2019_WaveCH_Tag-7-1024x768.jpg 1024w\" sizes=\"auto, (max-width: 150px) 100vw, 150px\" \/><\/a><\/td>\n<\/tr>\n<tr class=\"row-9\">\n\t<td class=\"column-1\">Freitag, 21.06.2019<\/td><td class=\"column-2\">Avry-sur-Matran - Fribourg - Bern - Neuch\u00e2tel -<br \/>\nDel\u00e9mont - Solothurn - Ruswil<\/td><td class=\"column-3\">ca 266km<br \/>\n4'019 Hm rauf<br \/>\n4'052 Hm runter<\/td><td class=\"column-4\"><a href=\"https:\/\/wavetrophy.sonnegg.ch\/wp-content\/uploads\/2018\/12\/2019_WaveCH_Tag-8.jpg\"><img loading=\"lazy\" decoding=\"async\" src=\"https:\/\/wavetrophy.sonnegg.ch\/wp-content\/uploads\/2018\/12\/2019_WaveCH_Tag-8-300x225.jpg\" alt=\"\" width=\"150\" height=\"112\" class=\"alignnone size-medium wp-image-1716\" srcset=\"https:\/\/wavetrophy.sonnegg.ch\/wp-content\/uploads\/2018\/12\/2019_WaveCH_Tag-8-300x225.jpg 300w, https:\/\/wavetrophy.sonnegg.ch\/wp-content\/uploads\/2018\/12\/2019_WaveCH_Tag-8-768x576.jpg 768w, https:\/\/wavetrophy.sonnegg.ch\/wp-content\/uploads\/2018\/12\/2019_WaveCH_Tag-8-1024x768.jpg 1024w\" sizes=\"auto, (max-width: 150px) 100vw, 150px\" \/><\/a><\/td>\n<\/tr>\n<tr class=\"row-10\">\n\t<td class=\"column-1\">Samstag, 22.06.2019<\/td><td class=\"column-2\">Ruswil - Luzern - Sarnen - Stans - Engelberg<\/td><td class=\"column-3\">ca 74km<br \/>\n1'164 Hm rauf<br \/>\n808 Hm runter<\/td><td class=\"column-4\"><a href=\"https:\/\/wavetrophy.sonnegg.ch\/wp-content\/uploads\/2018\/12\/2019_WaveCH_Tag-9.jpg\"><img loading=\"lazy\" decoding=\"async\" src=\"https:\/\/wavetrophy.sonnegg.ch\/wp-content\/uploads\/2018\/12\/2019_WaveCH_Tag-9-300x225.jpg\" alt=\"\" width=\"150\" height=\"112\" class=\"alignnone size-medium wp-image-1717\" srcset=\"https:\/\/wavetrophy.sonnegg.ch\/wp-content\/uploads\/2018\/12\/2019_WaveCH_Tag-9-300x225.jpg 300w, https:\/\/wavetrophy.sonnegg.ch\/wp-content\/uploads\/2018\/12\/2019_WaveCH_Tag-9-768x576.jpg 768w, https:\/\/wavetrophy.sonnegg.ch\/wp-content\/uploads\/2018\/12\/2019_WaveCH_Tag-9-1024x768.jpg 1024w\" sizes=\"auto, (max-width: 150px) 100vw, 150px\" \/><\/a><\/td>\n<\/tr>\n<tr class=\"row-11\">\n\t<td class=\"column-1\"><strong>Total Wavetrophy-km und<br \/>\nH\u00f6henmeter (Hm)<br \/>\n(ohne Anfahrt und Heimfahrt)<\/strong><\/td><td class=\"column-2\"><\/td><td class=\"column-3\"><strong>ca 1'502km<br \/>\n27'244 Hm rauf<br \/>\n26'560 Hm runter<\/strong><\/td><td class=\"column-4\"><a href=\"https:\/\/wavetrophy.sonnegg.ch\/wp-content\/uploads\/2018\/12\/2019_WaveCH_Route.jpg\"><img loading=\"lazy\" decoding=\"async\" src=\"https:\/\/wavetrophy.sonnegg.ch\/wp-content\/uploads\/2018\/12\/2019_WaveCH_Route-300x225.jpg\" alt=\"\" width=\"150\" height=\"112\" class=\"alignnone size-medium wp-image-1733\" srcset=\"https:\/\/wavetrophy.sonnegg.ch\/wp-content\/uploads\/2018\/12\/2019_WaveCH_Route-300x225.jpg 300w, https:\/\/wavetrophy.sonnegg.ch\/wp-content\/uploads\/2018\/12\/2019_WaveCH_Route-768x576.jpg 768w, https:\/\/wavetrophy.sonnegg.ch\/wp-content\/uploads\/2018\/12\/2019_WaveCH_Route-1024x768.jpg 1024w\" sizes=\"auto, (max-width: 150px) 100vw, 150px\" \/><\/a><\/td>\n<\/tr>\n<\/tbody>\n<\/table>\n<!-- #tablepress-13 from cache --><br \/>\n(wenn du auf die Karte klickst, so kannst du die Strecke besser sehen&nbsp;\ud83d\ude00)<\/p>\n<p>Kleiner Nachtrag:<br \/>\nDie Strecken sind twizyfreundlich. Das heisst, dass jegliche Schnellstrassen und Autobahnen vermieden werden (falls sich nicht dummerweise eine eingeschlichen hat&nbsp;\ud83d\ude0f)<\/p>\n","protected":false},"excerpt":{"rendered":"<p>Xaver ist sich wieder fleissig am \u00dcberlegen. Wollen wir zwei \ud83d\ude0a? Ich schon &#8211; und du? Ist es f\u00fcr mich \u00fcberhaupt machbar \ud83e\udd14? Es sind schon erhebliche H\u00f6henmeter und Distanzen zu bew\u00e4ltigen. Was macht Xaver am Samstag, 22.06.2019? Eine seiner T\u00f6chter heiratet an diesem Tag. Auf jeden Fall hat er mal Zahlen und Fakten gesammelt. &hellip; <a href=\"https:\/\/wavetrophy.sonnegg.ch\/?p=1720\" class=\"more-link\"><span class=\"screen-reader-text\">So w\u00fcrde es aussehen (provisorisch nat\u00fcrlich)<\/span> weiterlesen <span class=\"meta-nav\">&rarr;<\/span><\/a><\/p>\n","protected":false},"author":1,"featured_media":0,"comment_status":"closed","ping_status":"closed","sticky":false,"template":"","format":"standard","meta":{"ngg_post_thumbnail":0,"footnotes":""},"categories":[1],"tags":[],"class_list":["post-1720","post","type-post","status-publish","format-standard","hentry","category-twizyblog"],"post_mailing_queue_ids":[],"_links":{"self":[{"href":"https:\/\/wavetrophy.sonnegg.ch\/index.php?rest_route=\/wp\/v2\/posts\/1720","targetHints":{"allow":["GET"]}}],"collection":[{"href":"https:\/\/wavetrophy.sonnegg.ch\/index.php?rest_route=\/wp\/v2\/posts"}],"about":[{"href":"https:\/\/wavetrophy.sonnegg.ch\/index.php?rest_route=\/wp\/v2\/types\/post"}],"author":[{"embeddable":true,"href":"https:\/\/wavetrophy.sonnegg.ch\/index.php?rest_route=\/wp\/v2\/users\/1"}],"replies":[{"embeddable":true,"href":"https:\/\/wavetrophy.sonnegg.ch\/index.php?rest_route=%2Fwp%2Fv2%2Fcomments&post=1720"}],"version-history":[{"count":5,"href":"https:\/\/wavetrophy.sonnegg.ch\/index.php?rest_route=\/wp\/v2\/posts\/1720\/revisions"}],"predecessor-version":[{"id":1728,"href":"https:\/\/wavetrophy.sonnegg.ch\/index.php?rest_route=\/wp\/v2\/posts\/1720\/revisions\/1728"}],"wp:attachment":[{"href":"https:\/\/wavetrophy.sonnegg.ch\/index.php?rest_route=%2Fwp%2Fv2%2Fmedia&parent=1720"}],"wp:term":[{"taxonomy":"category","embeddable":true,"href":"https:\/\/wavetrophy.sonnegg.ch\/index.php?rest_route=%2Fwp%2Fv2%2Fcategories&post=1720"},{"taxonomy":"post_tag","embeddable":true,"href":"https:\/\/wavetrophy.sonnegg.ch\/index.php?rest_route=%2Fwp%2Fv2%2Ftags&post=1720"}],"curies":[{"name":"wp","href":"https:\/\/api.w.org\/{rel}","templated":true}]}}