{"id":1749,"date":"2019-01-09T19:16:02","date_gmt":"2019-01-09T18:16:02","guid":{"rendered":"https:\/\/wavetrophy.sonnegg.ch\/?p=1749"},"modified":"2019-01-09T15:38:25","modified_gmt":"2019-01-09T14:38:25","slug":"so-wuerde-es-aussehen-zum-zweiten-provisorisch-natuerlich","status":"publish","type":"post","link":"https:\/\/wavetrophy.sonnegg.ch\/?p=1749","title":{"rendered":"So w\u00fcrde es aussehen &#8211; zum zweiten (provisorisch nat\u00fcrlich)"},"content":{"rendered":"<p>Xaver kann es nicht lassen. Schon hat er sich wieder ans Einzeichnen der Routen gemacht.<\/p>\n<p>Wie dir vielleicht schon aufgefallen ist, plant Louis (Tourenchef) diesmal f\u00fcr zwei &#171;Kategorien&#187;. Die einen ist f\u00fcr die Normalos gedacht, die andere f\u00fcr Velos und Fahrzeuge mit kleiner Reichweite (dazu geh\u00f6ren wir Twizys. Da Xaver momentan noch nicht weiss, wo die 2. Kategorie &#171;Abk\u00fcrzungen&#187; nimmt, so zeichnete er die Route der 1. Kategorie ein.<\/p>\n<p>Aber wie immer:<\/p>\n<ul>\n<li>Strecke ist provisorisch<\/li>\n<li>grunds\u00e4tzlich twizyfreundlich (wenn die Distanz nicht w\u00e4re&nbsp;\ud83e\udd14)<\/li>\n<li>alle Autobahnen und Schnellstrassen ausgelassen<\/li>\n<li>gezeichnet mit MapOut<\/li>\n<li>ohne Gew\u00e4hr<\/li>\n<\/ul>\n<p>\n<table id=\"tablepress-14\" class=\"tablepress tablepress-id-14\">\n<tbody>\n<tr class=\"row-1\">\n\t<td class=\"column-1\"><strong>Tag<\/strong><\/td><td class=\"column-2\"><strong>Start - Ziel<\/strong><\/td><td class=\"column-3\"><strong>Daten<\/strong><\/td><td class=\"column-4\"><strong>Karte<\/strong><\/td>\n<\/tr>\n<tr class=\"row-2\">\n\t<td class=\"column-1\">Freitag, 14.06.2019<\/td><td class=\"column-2\">Anfahrt Illgau - Reinach (BL)<\/td><td class=\"column-3\">ca. 145km<br \/>\n1'585 Hm rauf<br \/>\n2'214 Hm runter<br \/>\n<\/td><td class=\"column-4\"><a href=\"https:\/\/wavetrophy.sonnegg.ch\/wp-content\/uploads\/2018\/12\/2019_WaveCH_Tag-1-1.jpg\"><img loading=\"lazy\" decoding=\"async\" src=\"https:\/\/wavetrophy.sonnegg.ch\/wp-content\/uploads\/2018\/12\/2019_WaveCH_Tag-1-1-300x225.jpg\" alt=\"\" width=\"150\" height=\"112\" class=\"alignnone size-medium wp-image-1709\" srcset=\"https:\/\/wavetrophy.sonnegg.ch\/wp-content\/uploads\/2018\/12\/2019_WaveCH_Tag-1-1-300x225.jpg 300w, https:\/\/wavetrophy.sonnegg.ch\/wp-content\/uploads\/2018\/12\/2019_WaveCH_Tag-1-1-768x576.jpg 768w, https:\/\/wavetrophy.sonnegg.ch\/wp-content\/uploads\/2018\/12\/2019_WaveCH_Tag-1-1-1024x768.jpg 1024w\" sizes=\"auto, (max-width: 150px) 100vw, 150px\" \/><\/a><\/td>\n<\/tr>\n<tr class=\"row-3\">\n\t<td class=\"column-1\">Samstag, 15.06.2019<\/td><td class=\"column-2\">Reinach - <strong>Basel <\/strong>- <strong>Liestal <\/strong>- <strong> Luzern<\/strong> - <strong>Sarnen <\/strong>- <strong>Stans <\/strong>- Engelberg<\/td><td class=\"column-3\">ca. 155km<br \/>\n2'100 Hm rauf<br \/>\n1'402 runter<\/td><td class=\"column-4\"><a href=\"https:\/\/wavetrophy.sonnegg.ch\/wp-content\/uploads\/2019\/01\/2019__V2_WaveCH_Tag-2.jpg\"><img loading=\"lazy\" decoding=\"async\" src=\"https:\/\/wavetrophy.sonnegg.ch\/wp-content\/uploads\/2019\/01\/2019__V2_WaveCH_Tag-2-300x225.jpg\" alt=\"\" width=\"150\" height=\"112\" class=\"alignnone size-medium wp-image-1753\" srcset=\"https:\/\/wavetrophy.sonnegg.ch\/wp-content\/uploads\/2019\/01\/2019__V2_WaveCH_Tag-2-300x225.jpg 300w, https:\/\/wavetrophy.sonnegg.ch\/wp-content\/uploads\/2019\/01\/2019__V2_WaveCH_Tag-2-768x575.jpg 768w, https:\/\/wavetrophy.sonnegg.ch\/wp-content\/uploads\/2019\/01\/2019__V2_WaveCH_Tag-2-1024x767.jpg 1024w, https:\/\/wavetrophy.sonnegg.ch\/wp-content\/uploads\/2019\/01\/2019__V2_WaveCH_Tag-2.jpg 1500w\" sizes=\"auto, (max-width: 150px) 100vw, 150px\" \/><\/a><\/td>\n<\/tr>\n<tr class=\"row-4\">\n\t<td class=\"column-1\">Sonntag, 16.06.2019<\/td><td class=\"column-2\">Engelberg - <strong>Schwyz <\/strong>- <strong>Altdorf <\/strong>- <strong>Glarus <\/strong>- <strong>Z\u00fcrich <\/strong>-<br \/>\n<strong>Schaffhausen <\/strong>- <strong>Frauenfeld <\/strong>- Wil<\/td><td class=\"column-3\">ca. 286km<br \/>\n4'467 Hm rauf<br \/>\n4'895 Hm runter<\/td><td class=\"column-4\"><a href=\"https:\/\/wavetrophy.sonnegg.ch\/wp-content\/uploads\/2019\/01\/2019__V2_WaveCH_Tag-3.jpg\"><img loading=\"lazy\" decoding=\"async\" src=\"https:\/\/wavetrophy.sonnegg.ch\/wp-content\/uploads\/2019\/01\/2019__V2_WaveCH_Tag-3-300x225.jpg\" alt=\"\" width=\"150\" height=\"112\" class=\"alignnone size-medium wp-image-1754\" srcset=\"https:\/\/wavetrophy.sonnegg.ch\/wp-content\/uploads\/2019\/01\/2019__V2_WaveCH_Tag-3-300x225.jpg 300w, https:\/\/wavetrophy.sonnegg.ch\/wp-content\/uploads\/2019\/01\/2019__V2_WaveCH_Tag-3-768x575.jpg 768w, https:\/\/wavetrophy.sonnegg.ch\/wp-content\/uploads\/2019\/01\/2019__V2_WaveCH_Tag-3-1024x767.jpg 1024w, https:\/\/wavetrophy.sonnegg.ch\/wp-content\/uploads\/2019\/01\/2019__V2_WaveCH_Tag-3.jpg 1500w\" sizes=\"auto, (max-width: 150px) 100vw, 150px\" \/><\/a><\/td>\n<\/tr>\n<tr class=\"row-5\">\n\t<td class=\"column-1\">Montag, 17.06.2019<\/td><td class=\"column-2\">Wil - <strong>St. Gallen<\/strong> - <strong>Herisau <\/strong>- <strong>Appenzell <\/strong>-<br \/>\n<strong>Chur <\/strong>- Laax<\/td><td class=\"column-3\">ca. 207km<br \/>\n3'483 Hm rauf<br \/>\n3'030 Hm runter<\/td><td class=\"column-4\"><a href=\"https:\/\/wavetrophy.sonnegg.ch\/wp-content\/uploads\/2019\/01\/2019__V2_WaveCH_Tag-4.jpg\"><img loading=\"lazy\" decoding=\"async\" src=\"https:\/\/wavetrophy.sonnegg.ch\/wp-content\/uploads\/2019\/01\/2019__V2_WaveCH_Tag-4-300x225.jpg\" alt=\"\" width=\"150\" height=\"112\" class=\"alignnone size-medium wp-image-1755\" srcset=\"https:\/\/wavetrophy.sonnegg.ch\/wp-content\/uploads\/2019\/01\/2019__V2_WaveCH_Tag-4-300x225.jpg 300w, https:\/\/wavetrophy.sonnegg.ch\/wp-content\/uploads\/2019\/01\/2019__V2_WaveCH_Tag-4-768x575.jpg 768w, https:\/\/wavetrophy.sonnegg.ch\/wp-content\/uploads\/2019\/01\/2019__V2_WaveCH_Tag-4-1024x767.jpg 1024w, https:\/\/wavetrophy.sonnegg.ch\/wp-content\/uploads\/2019\/01\/2019__V2_WaveCH_Tag-4.jpg 1500w\" sizes=\"auto, (max-width: 150px) 100vw, 150px\" \/><\/a><\/td>\n<\/tr>\n<tr class=\"row-6\">\n\t<td class=\"column-1\">Dienstag, 18.06.2019<\/td><td class=\"column-2\">Laax - <strong>Bellinzona <\/strong>- Visp (Annahme)<\/td><td class=\"column-3\">ca. 251km<br \/>\n8'419 Hm rauf<br \/>\n8'799 Hm runter<\/td><td class=\"column-4\"><a href=\"https:\/\/wavetrophy.sonnegg.ch\/wp-content\/uploads\/2019\/01\/2019__V2_WaveCH_Tag-5.jpg\"><img loading=\"lazy\" decoding=\"async\" src=\"https:\/\/wavetrophy.sonnegg.ch\/wp-content\/uploads\/2019\/01\/2019__V2_WaveCH_Tag-5-300x225.jpg\" alt=\"\" width=\"150\" height=\"112\" class=\"alignnone size-medium wp-image-1756\" srcset=\"https:\/\/wavetrophy.sonnegg.ch\/wp-content\/uploads\/2019\/01\/2019__V2_WaveCH_Tag-5-300x225.jpg 300w, https:\/\/wavetrophy.sonnegg.ch\/wp-content\/uploads\/2019\/01\/2019__V2_WaveCH_Tag-5-768x575.jpg 768w, https:\/\/wavetrophy.sonnegg.ch\/wp-content\/uploads\/2019\/01\/2019__V2_WaveCH_Tag-5-1024x767.jpg 1024w, https:\/\/wavetrophy.sonnegg.ch\/wp-content\/uploads\/2019\/01\/2019__V2_WaveCH_Tag-5.jpg 1500w\" sizes=\"auto, (max-width: 150px) 100vw, 150px\" \/><\/a><\/td>\n<\/tr>\n<tr class=\"row-7\">\n\t<td class=\"column-1\">Mittwoch, 19.06.2019<\/td><td class=\"column-2\">Visp - <strong>Sion <\/strong>- Chamonix - <strong>Genf<\/strong> - Divonne-les-Bains<\/td><td class=\"column-3\">ca. 219km<br \/>\n3'295 Hm rauf<br \/>\n3'477 Hm runter<\/td><td class=\"column-4\"><a href=\"https:\/\/wavetrophy.sonnegg.ch\/wp-content\/uploads\/2019\/01\/2019__V2_WaveCH_Tag-6.jpg\"><img loading=\"lazy\" decoding=\"async\" src=\"https:\/\/wavetrophy.sonnegg.ch\/wp-content\/uploads\/2019\/01\/2019__V2_WaveCH_Tag-6-300x225.jpg\" alt=\"\" width=\"150\" height=\"112\" class=\"alignnone size-medium wp-image-1757\" srcset=\"https:\/\/wavetrophy.sonnegg.ch\/wp-content\/uploads\/2019\/01\/2019__V2_WaveCH_Tag-6-300x225.jpg 300w, https:\/\/wavetrophy.sonnegg.ch\/wp-content\/uploads\/2019\/01\/2019__V2_WaveCH_Tag-6-768x575.jpg 768w, https:\/\/wavetrophy.sonnegg.ch\/wp-content\/uploads\/2019\/01\/2019__V2_WaveCH_Tag-6-1024x767.jpg 1024w, https:\/\/wavetrophy.sonnegg.ch\/wp-content\/uploads\/2019\/01\/2019__V2_WaveCH_Tag-6.jpg 1500w\" sizes=\"auto, (max-width: 150px) 100vw, 150px\" \/><\/a><\/td>\n<\/tr>\n<tr class=\"row-8\">\n\t<td class=\"column-1\">Donnerstag, 20.06.2019<\/td><td class=\"column-2\">Divonne-les-Bains - <strong>Lausanne <\/strong>- <strong>Fribourg <\/strong>- Thun<\/td><td class=\"column-3\">ca 164km<br \/>\n1'950 Hm rauf<br \/>\n1'855Hm runter<\/td><td class=\"column-4\"><a href=\"https:\/\/wavetrophy.sonnegg.ch\/wp-content\/uploads\/2019\/01\/2019__V2_WaveCH_Tag-7.jpg\"><img loading=\"lazy\" decoding=\"async\" src=\"https:\/\/wavetrophy.sonnegg.ch\/wp-content\/uploads\/2019\/01\/2019__V2_WaveCH_Tag-7-300x225.jpg\" alt=\"\" width=\"150\" height=\"112\" class=\"alignnone size-medium wp-image-1758\" srcset=\"https:\/\/wavetrophy.sonnegg.ch\/wp-content\/uploads\/2019\/01\/2019__V2_WaveCH_Tag-7-300x225.jpg 300w, https:\/\/wavetrophy.sonnegg.ch\/wp-content\/uploads\/2019\/01\/2019__V2_WaveCH_Tag-7-768x575.jpg 768w, https:\/\/wavetrophy.sonnegg.ch\/wp-content\/uploads\/2019\/01\/2019__V2_WaveCH_Tag-7-1024x767.jpg 1024w, https:\/\/wavetrophy.sonnegg.ch\/wp-content\/uploads\/2019\/01\/2019__V2_WaveCH_Tag-7.jpg 1500w\" sizes=\"auto, (max-width: 150px) 100vw, 150px\" \/><\/a><\/td>\n<\/tr>\n<tr class=\"row-9\">\n\t<td class=\"column-1\">Freitag, 21.06.2019<\/td><td class=\"column-2\">Thun - <strong>Bern <\/strong>- <strong>Neuch\u00e2tel <\/strong>-<br \/>\n<strong>Del\u00e9mont <\/strong>- <strong>Solothurn <\/strong>- Ruswil<\/td><td class=\"column-3\">ca 272km<br \/>\n4'062 Hm rauf<br \/>\n3'987 Hm runter<\/td><td class=\"column-4\"><a href=\"https:\/\/wavetrophy.sonnegg.ch\/wp-content\/uploads\/2019\/01\/2019__V2_WaveCH_Tag-8.jpg\"><img loading=\"lazy\" decoding=\"async\" src=\"https:\/\/wavetrophy.sonnegg.ch\/wp-content\/uploads\/2019\/01\/2019__V2_WaveCH_Tag-8-300x225.jpg\" alt=\"\" width=\"150\" height=\"112\" class=\"alignnone size-medium wp-image-1759\" srcset=\"https:\/\/wavetrophy.sonnegg.ch\/wp-content\/uploads\/2019\/01\/2019__V2_WaveCH_Tag-8-300x225.jpg 300w, https:\/\/wavetrophy.sonnegg.ch\/wp-content\/uploads\/2019\/01\/2019__V2_WaveCH_Tag-8-768x575.jpg 768w, https:\/\/wavetrophy.sonnegg.ch\/wp-content\/uploads\/2019\/01\/2019__V2_WaveCH_Tag-8-1024x767.jpg 1024w, https:\/\/wavetrophy.sonnegg.ch\/wp-content\/uploads\/2019\/01\/2019__V2_WaveCH_Tag-8.jpg 1500w\" sizes=\"auto, (max-width: 150px) 100vw, 150px\" \/><\/a><\/td>\n<\/tr>\n<tr class=\"row-10\">\n\t<td class=\"column-1\">Samstag, 22.06.2019<\/td><td class=\"column-2\">Ruswil - <strong>Aarau <\/strong>- <strong>Zug<\/strong><\/td><td class=\"column-3\">ca 126km<br \/>\n1'155 Hm rauf<br \/>\n1'376Hm runter<\/td><td class=\"column-4\"><a href=\"https:\/\/wavetrophy.sonnegg.ch\/wp-content\/uploads\/2019\/01\/2019__V2_WaveCH_Tag-9.jpg\"><img loading=\"lazy\" decoding=\"async\" src=\"https:\/\/wavetrophy.sonnegg.ch\/wp-content\/uploads\/2019\/01\/2019__V2_WaveCH_Tag-9-300x225.jpg\" alt=\"\" width=\"150\" height=\"112\" class=\"alignnone size-medium wp-image-1760\" srcset=\"https:\/\/wavetrophy.sonnegg.ch\/wp-content\/uploads\/2019\/01\/2019__V2_WaveCH_Tag-9-300x225.jpg 300w, https:\/\/wavetrophy.sonnegg.ch\/wp-content\/uploads\/2019\/01\/2019__V2_WaveCH_Tag-9-768x575.jpg 768w, https:\/\/wavetrophy.sonnegg.ch\/wp-content\/uploads\/2019\/01\/2019__V2_WaveCH_Tag-9-1024x767.jpg 1024w, https:\/\/wavetrophy.sonnegg.ch\/wp-content\/uploads\/2019\/01\/2019__V2_WaveCH_Tag-9.jpg 1500w\" sizes=\"auto, (max-width: 150px) 100vw, 150px\" \/><\/a><\/td>\n<\/tr>\n<tr class=\"row-11\">\n\t<td class=\"column-1\"><strong>Total Wavetrophy-km und<br \/>\nH\u00f6henmeter (Hm)<br \/>\n(ohne Anfahrt und Heimfahrt)<\/strong><\/td><td class=\"column-2\"><\/td><td class=\"column-3\"><strong>ca 1'680km<br \/>\n28'931 Hm rauf<br \/>\n28'821 Hm runter<\/strong><\/td><td class=\"column-4\"><a href=\"https:\/\/wavetrophy.sonnegg.ch\/wp-content\/uploads\/2019\/01\/2019_V2_WaveCH_Route.jpg\"><img loading=\"lazy\" decoding=\"async\" src=\"https:\/\/wavetrophy.sonnegg.ch\/wp-content\/uploads\/2019\/01\/2019_V2_WaveCH_Route-300x225.jpg\" alt=\"\" width=\"150\" height=\"112\" class=\"alignnone size-medium wp-image-1761\" srcset=\"https:\/\/wavetrophy.sonnegg.ch\/wp-content\/uploads\/2019\/01\/2019_V2_WaveCH_Route-300x225.jpg 300w, https:\/\/wavetrophy.sonnegg.ch\/wp-content\/uploads\/2019\/01\/2019_V2_WaveCH_Route-768x575.jpg 768w, https:\/\/wavetrophy.sonnegg.ch\/wp-content\/uploads\/2019\/01\/2019_V2_WaveCH_Route-1024x767.jpg 1024w, https:\/\/wavetrophy.sonnegg.ch\/wp-content\/uploads\/2019\/01\/2019_V2_WaveCH_Route.jpg 1500w\" sizes=\"auto, (max-width: 150px) 100vw, 150px\" \/><\/a><\/td>\n<\/tr>\n<\/tbody>\n<\/table>\n<!-- #tablepress-14 from cache --><br \/>\n(wenn du auf die Karte klickst, so kannst du die Strecke besser sehen&nbsp;\ud83d\ude00)<\/p>\n","protected":false},"excerpt":{"rendered":"<p>Xaver kann es nicht lassen. Schon hat er sich wieder ans Einzeichnen der Routen gemacht. Wie dir vielleicht schon aufgefallen ist, plant Louis (Tourenchef) diesmal f\u00fcr zwei &#171;Kategorien&#187;. Die einen ist f\u00fcr die Normalos gedacht, die andere f\u00fcr Velos und Fahrzeuge mit kleiner Reichweite (dazu geh\u00f6ren wir Twizys. Da Xaver momentan noch nicht weiss, wo &hellip; <a href=\"https:\/\/wavetrophy.sonnegg.ch\/?p=1749\" class=\"more-link\"><span class=\"screen-reader-text\">So w\u00fcrde es aussehen &#8211; zum zweiten (provisorisch nat\u00fcrlich)<\/span> weiterlesen <span class=\"meta-nav\">&rarr;<\/span><\/a><\/p>\n","protected":false},"author":1,"featured_media":0,"comment_status":"closed","ping_status":"closed","sticky":false,"template":"","format":"standard","meta":{"ngg_post_thumbnail":0,"footnotes":""},"categories":[1],"tags":[],"class_list":["post-1749","post","type-post","status-publish","format-standard","hentry","category-twizyblog"],"post_mailing_queue_ids":[],"_links":{"self":[{"href":"https:\/\/wavetrophy.sonnegg.ch\/index.php?rest_route=\/wp\/v2\/posts\/1749","targetHints":{"allow":["GET"]}}],"collection":[{"href":"https:\/\/wavetrophy.sonnegg.ch\/index.php?rest_route=\/wp\/v2\/posts"}],"about":[{"href":"https:\/\/wavetrophy.sonnegg.ch\/index.php?rest_route=\/wp\/v2\/types\/post"}],"author":[{"embeddable":true,"href":"https:\/\/wavetrophy.sonnegg.ch\/index.php?rest_route=\/wp\/v2\/users\/1"}],"replies":[{"embeddable":true,"href":"https:\/\/wavetrophy.sonnegg.ch\/index.php?rest_route=%2Fwp%2Fv2%2Fcomments&post=1749"}],"version-history":[{"count":2,"href":"https:\/\/wavetrophy.sonnegg.ch\/index.php?rest_route=\/wp\/v2\/posts\/1749\/revisions"}],"predecessor-version":[{"id":1772,"href":"https:\/\/wavetrophy.sonnegg.ch\/index.php?rest_route=\/wp\/v2\/posts\/1749\/revisions\/1772"}],"wp:attachment":[{"href":"https:\/\/wavetrophy.sonnegg.ch\/index.php?rest_route=%2Fwp%2Fv2%2Fmedia&parent=1749"}],"wp:term":[{"taxonomy":"category","embeddable":true,"href":"https:\/\/wavetrophy.sonnegg.ch\/index.php?rest_route=%2Fwp%2Fv2%2Fcategories&post=1749"},{"taxonomy":"post_tag","embeddable":true,"href":"https:\/\/wavetrophy.sonnegg.ch\/index.php?rest_route=%2Fwp%2Fv2%2Ftags&post=1749"}],"curies":[{"name":"wp","href":"https:\/\/api.w.org\/{rel}","templated":true}]}}