{"id":3082,"date":"2021-08-24T09:43:49","date_gmt":"2021-08-24T07:43:49","guid":{"rendered":"https:\/\/wavetrophy.sonnegg.ch\/?p=3082"},"modified":"2021-08-25T09:30:43","modified_gmt":"2021-08-25T07:30:43","slug":"wavetrophy-mittelland-2021-startet-bald-aber-ohne-mich","status":"publish","type":"post","link":"https:\/\/wavetrophy.sonnegg.ch\/?p=3082","title":{"rendered":"Wavetrophy Mittelland 2021 startet bald &#8211; aber ohne mich"},"content":{"rendered":"<p>Am n\u00e4chsten Freitag, 27.08.2021, startet die Wave in K\u00fcssnacht aR. Leider wird der Anlass ohne mich \u00fcber die B\u00fchne laufen. Aber von vorne:<\/p>\n<p>Trudi und Xaver haben sich schon vor l\u00e4ngerer Zeit f\u00fcr die Wave Mittelland entschieden. Aber sie sagten sich schon von Anfang an, dass sie diese Tour nicht mit mir bestreiten wollen, sondern eigentlich mit dem Microlino. Denn wie sich vielleicht der eine oder andere erinnern kann, hat sich Xaver schon im Oktober 2017 eine solche Knutschkugel reserviert. Leider gab es dann bei der Produktion Probleme mit einer Prodkutionsfirma.<br \/>\nNun h\u00e4tte es fast geklappt. Aber leider ist die Homologation des Microlino noch nicht ganz durch. Darum k\u00f6nnen sie auch nicht mit einem Verwandten meines zuk\u00fcnftigen Stiefbruders starten (Stand: Dienstagmorgen, 24.08.2021). Aber die Hoffnung stirbt zuletzt.<\/p>\n<p>Nun hat sich Xaver schon lange eine Ersatzliste an Fahrzeugen \u00fcberlegt:<\/p>\n<ol>\n<li>Erste Wahl w\u00e4re der Microlino gewesen. F\u00e4llt leider aus.<\/li>\n<li>Zweite Wahl w\u00e4re der Ionic 5 gewesen. Leider f\u00e4llt der jetzt auch noch aus, da Xaver ihn nicht f\u00fcr vier Tage bekommt. Er ist so begehrt als Testfahrzeug.<\/li>\n<li>Dritte Wahl ist ein Skoda Enyac IV. Den werden nun Trudi und Xaver f\u00fcr diese Tour mieten. Es ist ein Exemplar mit der kleinen Batterie (Enyac IV 60).<\/li>\n<li>Vierte Wahl w\u00e4re (und das ist das Schlimmste) ich gewesen: als Notfalll\u00f6sung \ud83d\ude21. Xaver, ich habe Trudi und dir nun schon acht Jahre treu gedient. Und jetzt bezeichnest du mich als Notl\u00f6sung. Eine Frechneit. Und diese Tour w\u00e4re fast twizytauglich gewesen, einfach mit einigen Routenoptimierungen (wie auch an den anderen Wave&#8217;s)<\/li>\n<\/ol>\n<p>Also geht es am Freitag mit einem Skoda Enyac an die Wave. Ich muss schon zugeben, dass das Fahren um einiges entspannter f\u00fcr meine Besitzer sein wird. Es muss nicht st\u00e4ndig nach Ladestellen gesucht werden.<br \/>\nWenigstens ist der Teamname geblieben. Sie heissen wie ich &#171;MPS Muotathal&#187;.<br \/>\nIm Team hat sich eine kleine Anpassung ergeben. Am Freitag wird Trudi die Beifahrerin von Xaver sein. Da Trudi wegen ihres Jobs etwas dazwischen gekommen ist, wird Xaver danach von seiner Enkeltochter begleitet.<\/p>\n<p>Zur Route kann Xaver noch nicht viel schreiben. Es gilt immer noch die Karte, die auf <a href=\"https:\/\/wavetrophy.com\/mittelland\/\" target=\"_blank\" rel=\"noopener\">Wavetrophy Mittelland 2021<\/a> zu sehen ist. Gestartet wird in K\u00fcssnacht aR. Dann geht es rund um den Vierwaldst\u00e4ttersee. Die meisten \u00fcbernachten in Schwyz. Die Teams &#171;Sch\u00e4fer&#187; und &#171;MPS Muotathal&#187; (Trudi und Xaver) werden nat\u00fcrlich im wundersch\u00f6nen Illgau \u00fcbernachten. Dann geht es via Ibergereggpass nach Zug bis Baden, wo das zweite Mal \u00fcbernachtet wird. Am Sonntag f\u00fchrt uns dann die Reise noch bis Rheinfelden.<br \/>\nAuf der ganzen Reise wird es dann verschiedene Sehensw\u00fcrdigkeiten und Infos geben.<\/p>\n<p><a href=\"https:\/\/wavetrophy.sonnegg.ch\/wp-content\/uploads\/2021\/08\/20210824_WaveRoute.jpg\" target=\"_blank\" rel=\"noopener\"><img loading=\"lazy\" decoding=\"async\" class=\"alignnone wp-image-3084\" src=\"https:\/\/wavetrophy.sonnegg.ch\/wp-content\/uploads\/2021\/08\/20210824_WaveRoute.jpg\" alt=\"\" width=\"1024\" height=\"576\" srcset=\"https:\/\/wavetrophy.sonnegg.ch\/wp-content\/uploads\/2021\/08\/20210824_WaveRoute.jpg 1600w, https:\/\/wavetrophy.sonnegg.ch\/wp-content\/uploads\/2021\/08\/20210824_WaveRoute-300x169.jpg 300w, https:\/\/wavetrophy.sonnegg.ch\/wp-content\/uploads\/2021\/08\/20210824_WaveRoute-1024x576.jpg 1024w, https:\/\/wavetrophy.sonnegg.ch\/wp-content\/uploads\/2021\/08\/20210824_WaveRoute-768x432.jpg 768w, https:\/\/wavetrophy.sonnegg.ch\/wp-content\/uploads\/2021\/08\/20210824_WaveRoute-1536x864.jpg 1536w\" sizes=\"auto, (max-width: 1024px) 100vw, 1024px\" \/><\/a><\/p>\n<p>&nbsp;<\/p>\n<p>Am 24.08.2021 steht im &#171;Boten der Urschweiz&#187; folgender Artikel unter K\u00fcssnacht:<br \/>\n<a href=\"https:\/\/wavetrophy.sonnegg.ch\/wp-content\/uploads\/2021\/08\/20210824_Wave_Kuessnacht.jpg\" target=\"_blank\" rel=\"noopener\"><img loading=\"lazy\" decoding=\"async\" class=\"alignnone wp-image-3086\" src=\"https:\/\/wavetrophy.sonnegg.ch\/wp-content\/uploads\/2021\/08\/20210824_Wave_Kuessnacht.jpg\" alt=\"\" width=\"1023\" height=\"616\" srcset=\"https:\/\/wavetrophy.sonnegg.ch\/wp-content\/uploads\/2021\/08\/20210824_Wave_Kuessnacht.jpg 2000w, https:\/\/wavetrophy.sonnegg.ch\/wp-content\/uploads\/2021\/08\/20210824_Wave_Kuessnacht-300x181.jpg 300w, https:\/\/wavetrophy.sonnegg.ch\/wp-content\/uploads\/2021\/08\/20210824_Wave_Kuessnacht-1024x616.jpg 1024w, https:\/\/wavetrophy.sonnegg.ch\/wp-content\/uploads\/2021\/08\/20210824_Wave_Kuessnacht-768x462.jpg 768w, https:\/\/wavetrophy.sonnegg.ch\/wp-content\/uploads\/2021\/08\/20210824_Wave_Kuessnacht-1536x925.jpg 1536w\" sizes=\"auto, (max-width: 1023px) 100vw, 1023px\" \/><\/a><\/p>\n<p>&nbsp;<\/p>\n<p>Am 25.08.2021 steht im &#171;Boten der Urschweiz&#187; folgendes unter Region:<br \/>\n<a href=\"https:\/\/wavetrophy.sonnegg.ch\/wp-content\/uploads\/2021\/08\/20210825_Wave_Schwyz.jpg\" target=\"_blank\" rel=\"noopener\"><img loading=\"lazy\" decoding=\"async\" class=\"alignnone wp-image-3088\" src=\"https:\/\/wavetrophy.sonnegg.ch\/wp-content\/uploads\/2021\/08\/20210825_Wave_Schwyz.jpg\" alt=\"\" width=\"319\" height=\"600\" srcset=\"https:\/\/wavetrophy.sonnegg.ch\/wp-content\/uploads\/2021\/08\/20210825_Wave_Schwyz.jpg 797w, https:\/\/wavetrophy.sonnegg.ch\/wp-content\/uploads\/2021\/08\/20210825_Wave_Schwyz-159x300.jpg 159w, https:\/\/wavetrophy.sonnegg.ch\/wp-content\/uploads\/2021\/08\/20210825_Wave_Schwyz-544x1024.jpg 544w, https:\/\/wavetrophy.sonnegg.ch\/wp-content\/uploads\/2021\/08\/20210825_Wave_Schwyz-768x1445.jpg 768w\" sizes=\"auto, (max-width: 319px) 100vw, 319px\" \/><\/a><\/p>\n","protected":false},"excerpt":{"rendered":"<p>Am n\u00e4chsten Freitag, 27.08.2021, startet die Wave in K\u00fcssnacht aR. Leider wird der Anlass ohne mich \u00fcber die B\u00fchne laufen. Aber von vorne: Trudi und Xaver haben sich schon vor l\u00e4ngerer Zeit f\u00fcr die Wave Mittelland entschieden. Aber sie sagten sich schon von Anfang an, dass sie diese Tour nicht mit mir bestreiten wollen, sondern &hellip; <a href=\"https:\/\/wavetrophy.sonnegg.ch\/?p=3082\" class=\"more-link\"><span class=\"screen-reader-text\">Wavetrophy Mittelland 2021 startet bald &#8211; aber ohne mich<\/span> weiterlesen <span class=\"meta-nav\">&rarr;<\/span><\/a><\/p>\n","protected":false},"author":1,"featured_media":0,"comment_status":"closed","ping_status":"closed","sticky":false,"template":"","format":"standard","meta":{"ngg_post_thumbnail":0,"footnotes":""},"categories":[1],"tags":[],"class_list":["post-3082","post","type-post","status-publish","format-standard","hentry","category-twizyblog"],"post_mailing_queue_ids":[],"_links":{"self":[{"href":"https:\/\/wavetrophy.sonnegg.ch\/index.php?rest_route=\/wp\/v2\/posts\/3082","targetHints":{"allow":["GET"]}}],"collection":[{"href":"https:\/\/wavetrophy.sonnegg.ch\/index.php?rest_route=\/wp\/v2\/posts"}],"about":[{"href":"https:\/\/wavetrophy.sonnegg.ch\/index.php?rest_route=\/wp\/v2\/types\/post"}],"author":[{"embeddable":true,"href":"https:\/\/wavetrophy.sonnegg.ch\/index.php?rest_route=\/wp\/v2\/users\/1"}],"replies":[{"embeddable":true,"href":"https:\/\/wavetrophy.sonnegg.ch\/index.php?rest_route=%2Fwp%2Fv2%2Fcomments&post=3082"}],"version-history":[{"count":5,"href":"https:\/\/wavetrophy.sonnegg.ch\/index.php?rest_route=\/wp\/v2\/posts\/3082\/revisions"}],"predecessor-version":[{"id":3090,"href":"https:\/\/wavetrophy.sonnegg.ch\/index.php?rest_route=\/wp\/v2\/posts\/3082\/revisions\/3090"}],"wp:attachment":[{"href":"https:\/\/wavetrophy.sonnegg.ch\/index.php?rest_route=%2Fwp%2Fv2%2Fmedia&parent=3082"}],"wp:term":[{"taxonomy":"category","embeddable":true,"href":"https:\/\/wavetrophy.sonnegg.ch\/index.php?rest_route=%2Fwp%2Fv2%2Fcategories&post=3082"},{"taxonomy":"post_tag","embeddable":true,"href":"https:\/\/wavetrophy.sonnegg.ch\/index.php?rest_route=%2Fwp%2Fv2%2Ftags&post=3082"}],"curies":[{"name":"wp","href":"https:\/\/api.w.org\/{rel}","templated":true}]}}