{"id":3489,"date":"2026-07-18T22:30:31","date_gmt":"2026-07-18T20:30:31","guid":{"rendered":"https:\/\/wavetrophy.sonnegg.ch\/?p=3489"},"modified":"2026-07-18T22:30:31","modified_gmt":"2026-07-18T20:30:31","slug":"1-etappe-ist-hinter-uns-217km-geschafft","status":"publish","type":"post","link":"https:\/\/wavetrophy.sonnegg.ch\/?p=3489","title":{"rendered":"1. Etappe ist hinter uns: 217km geschafft"},"content":{"rendered":"<p>Der erste Tag ist gut gestartet. Zwar gab es beim Start noch etwas Regen. Doch bald begleitete uns die Sonne.<br \/>\nKurz nach Lauerz gab es aber noch eine \u00dcberraschung. 4 Fans vom Steinerberg standen am Strassenrand und hielten ein Plakat hoch. Xaver w\u00e4re fast vorbeigefahren. So \u00fcberraschend war dies. Ein kurzer Tratsch (nat\u00fcrlich nur von Xaver) &#8211; und weiter ging es.<br \/>\n<a href=\"https:\/\/wavetrophy.sonnegg.ch\/wp-content\/uploads\/2026\/07\/20260718_095904_Fans-Lauerz.jpg\" target=\"_blank\" rel=\"noopener\"><img loading=\"lazy\" decoding=\"async\" class=\"alignnone wp-image-3490 size-medium\" src=\"https:\/\/wavetrophy.sonnegg.ch\/wp-content\/uploads\/2026\/07\/20260718_095904_Fans-Lauerz-300x169.jpg\" alt=\"\" width=\"300\" height=\"169\" srcset=\"https:\/\/wavetrophy.sonnegg.ch\/wp-content\/uploads\/2026\/07\/20260718_095904_Fans-Lauerz-300x169.jpg 300w, https:\/\/wavetrophy.sonnegg.ch\/wp-content\/uploads\/2026\/07\/20260718_095904_Fans-Lauerz-1024x577.jpg 1024w, https:\/\/wavetrophy.sonnegg.ch\/wp-content\/uploads\/2026\/07\/20260718_095904_Fans-Lauerz-768x433.jpg 768w, https:\/\/wavetrophy.sonnegg.ch\/wp-content\/uploads\/2026\/07\/20260718_095904_Fans-Lauerz.jpg 1500w\" sizes=\"auto, (max-width: 300px) 100vw, 300px\" \/><\/a><\/p>\n<p>Der erste Ladestopp war dann schon in Habsburg (CH). Dort gab es f\u00fcr mich ein aktualisiertes \u00dcberwachungsger\u00e4t (nicht von Microlino, sondern vom \u00fcberaus engagierten Martin. Und nat\u00fcrlich gr\u00fcnen Strom vom Dach \ud83e\udd17.<br \/>\nXaver genoss derweil die schattige Terrasse bei Kaffee und Wasser. Er war wunschlos gl\u00fccklich und genoss die Aussicht dabei.<br \/>\n<a href=\"https:\/\/wavetrophy.sonnegg.ch\/wp-content\/uploads\/2026\/07\/20260718_120220_Habsburg.jpg\" target=\"_blank\" rel=\"noopener\"><img loading=\"lazy\" decoding=\"async\" class=\"alignnone wp-image-3491 size-medium\" src=\"https:\/\/wavetrophy.sonnegg.ch\/wp-content\/uploads\/2026\/07\/20260718_120220_Habsburg-169x300.jpg\" alt=\"\" width=\"169\" height=\"300\" srcset=\"https:\/\/wavetrophy.sonnegg.ch\/wp-content\/uploads\/2026\/07\/20260718_120220_Habsburg-169x300.jpg 169w, https:\/\/wavetrophy.sonnegg.ch\/wp-content\/uploads\/2026\/07\/20260718_120220_Habsburg-577x1024.jpg 577w, https:\/\/wavetrophy.sonnegg.ch\/wp-content\/uploads\/2026\/07\/20260718_120220_Habsburg-768x1364.jpg 768w, https:\/\/wavetrophy.sonnegg.ch\/wp-content\/uploads\/2026\/07\/20260718_120220_Habsburg.jpg 844w\" sizes=\"auto, (max-width: 169px) 100vw, 169px\" \/><\/a><\/p>\n<p>Mit vollem Akku ging es dann Richtung Waldshut-Tiengen, wo&nbsp; Xaver (wie k\u00f6nnte es auch anders sein \ud83d\ude25) beim Grenz\u00fcbertritt falsch einspurte. Aber er konnte sich gl\u00fccklich aus der Klemme man\u00f6vrieren, ohne irgendein Gesetz zu brechen.<\/p>\n<p>In Donaueschingen wollte Xaver schon wieder eine Pause machen &#8211; oder besser gesagt: seine Blase.<br \/>\nAlso suchte er eine sch\u00f6n gelegene Ladestelle f\u00fcr mich. Und f\u00fcr sich selber suchte er ein nahegelegenes Restaurant. Alles klappte.<br \/>\n<a href=\"https:\/\/wavetrophy.sonnegg.ch\/wp-content\/uploads\/2026\/07\/20260718_165204_Donaueschingen.jpg\" target=\"_blank\" rel=\"noopener\"><img loading=\"lazy\" decoding=\"async\" class=\"alignnone wp-image-3492 size-medium\" src=\"https:\/\/wavetrophy.sonnegg.ch\/wp-content\/uploads\/2026\/07\/20260718_165204_Donaueschingen-300x169.jpg\" alt=\"\" width=\"300\" height=\"169\" srcset=\"https:\/\/wavetrophy.sonnegg.ch\/wp-content\/uploads\/2026\/07\/20260718_165204_Donaueschingen-300x169.jpg 300w, https:\/\/wavetrophy.sonnegg.ch\/wp-content\/uploads\/2026\/07\/20260718_165204_Donaueschingen-1024x577.jpg 1024w, https:\/\/wavetrophy.sonnegg.ch\/wp-content\/uploads\/2026\/07\/20260718_165204_Donaueschingen-768x433.jpg 768w, https:\/\/wavetrophy.sonnegg.ch\/wp-content\/uploads\/2026\/07\/20260718_165204_Donaueschingen.jpg 1500w\" sizes=\"auto, (max-width: 300px) 100vw, 300px\" \/><\/a><\/p>\n<p>Auch hier blieb Xaver geduldig, bis ich fast voll war. Da wir aber bis hierher erst 170km gefahren waren und es noch sch\u00f6n hell war, beschlossen wir, die 200km voll zu machen und uns dann einen Schlafplatz zu suchen. War gar nicht so einfach.<\/p>\n<p>Nun geniessen wir die Nachtruhe.<\/p>\n<p>Hier noch die Route:<br \/>\n<a href=\"https:\/\/wavetrophy.sonnegg.ch\/wp-content\/uploads\/2026\/07\/20260718_-Nordkapptour-2026Tag-01.jpg\" target=\"_blank\" rel=\"noopener\"><img loading=\"lazy\" decoding=\"async\" class=\"alignnone wp-image-3493 size-medium\" src=\"https:\/\/wavetrophy.sonnegg.ch\/wp-content\/uploads\/2026\/07\/20260718_-Nordkapptour-2026Tag-01-197x300.jpg\" alt=\"\" width=\"197\" height=\"300\" srcset=\"https:\/\/wavetrophy.sonnegg.ch\/wp-content\/uploads\/2026\/07\/20260718_-Nordkapptour-2026Tag-01-197x300.jpg 197w, https:\/\/wavetrophy.sonnegg.ch\/wp-content\/uploads\/2026\/07\/20260718_-Nordkapptour-2026Tag-01-672x1024.jpg 672w, https:\/\/wavetrophy.sonnegg.ch\/wp-content\/uploads\/2026\/07\/20260718_-Nordkapptour-2026Tag-01-768x1170.jpg 768w, https:\/\/wavetrophy.sonnegg.ch\/wp-content\/uploads\/2026\/07\/20260718_-Nordkapptour-2026Tag-01.jpg 985w\" sizes=\"auto, (max-width: 197px) 100vw, 197px\" \/><\/a><\/p>\n","protected":false},"excerpt":{"rendered":"<p>Der erste Tag ist gut gestartet. Zwar gab es beim Start noch etwas Regen. Doch bald begleitete uns die Sonne. Kurz nach Lauerz gab es aber noch eine \u00dcberraschung. 4 Fans vom Steinerberg standen am Strassenrand und hielten ein Plakat hoch. Xaver w\u00e4re fast vorbeigefahren. So \u00fcberraschend war dies. Ein kurzer Tratsch (nat\u00fcrlich nur von &hellip; <a href=\"https:\/\/wavetrophy.sonnegg.ch\/?p=3489\" class=\"more-link\"><span class=\"screen-reader-text\">1. Etappe ist hinter uns: 217km geschafft<\/span> weiterlesen <span class=\"meta-nav\">&rarr;<\/span><\/a><\/p>\n","protected":false},"author":1,"featured_media":0,"comment_status":"open","ping_status":"closed","sticky":false,"template":"","format":"standard","meta":{"ngg_post_thumbnail":0,"footnotes":""},"categories":[1],"tags":[],"class_list":["post-3489","post","type-post","status-publish","format-standard","hentry","category-twizyblog"],"post_mailing_queue_ids":[],"_links":{"self":[{"href":"https:\/\/wavetrophy.sonnegg.ch\/index.php?rest_route=\/wp\/v2\/posts\/3489","targetHints":{"allow":["GET"]}}],"collection":[{"href":"https:\/\/wavetrophy.sonnegg.ch\/index.php?rest_route=\/wp\/v2\/posts"}],"about":[{"href":"https:\/\/wavetrophy.sonnegg.ch\/index.php?rest_route=\/wp\/v2\/types\/post"}],"author":[{"embeddable":true,"href":"https:\/\/wavetrophy.sonnegg.ch\/index.php?rest_route=\/wp\/v2\/users\/1"}],"replies":[{"embeddable":true,"href":"https:\/\/wavetrophy.sonnegg.ch\/index.php?rest_route=%2Fwp%2Fv2%2Fcomments&post=3489"}],"version-history":[{"count":1,"href":"https:\/\/wavetrophy.sonnegg.ch\/index.php?rest_route=\/wp\/v2\/posts\/3489\/revisions"}],"predecessor-version":[{"id":3494,"href":"https:\/\/wavetrophy.sonnegg.ch\/index.php?rest_route=\/wp\/v2\/posts\/3489\/revisions\/3494"}],"wp:attachment":[{"href":"https:\/\/wavetrophy.sonnegg.ch\/index.php?rest_route=%2Fwp%2Fv2%2Fmedia&parent=3489"}],"wp:term":[{"taxonomy":"category","embeddable":true,"href":"https:\/\/wavetrophy.sonnegg.ch\/index.php?rest_route=%2Fwp%2Fv2%2Fcategories&post=3489"},{"taxonomy":"post_tag","embeddable":true,"href":"https:\/\/wavetrophy.sonnegg.ch\/index.php?rest_route=%2Fwp%2Fv2%2Ftags&post=3489"}],"curies":[{"name":"wp","href":"https:\/\/api.w.org\/{rel}","templated":true}]}}