{"id":4147,"date":"2026-08-29T19:18:02","date_gmt":"2026-08-29T17:18:02","guid":{"rendered":"https:\/\/wavetrophy.sonnegg.ch\/?p=4147"},"modified":"2026-08-29T19:18:02","modified_gmt":"2026-08-29T17:18:02","slug":"29-08-2026-viel-regen-wenig-sonne-%f0%9f%98%a5","status":"publish","type":"post","link":"https:\/\/wavetrophy.sonnegg.ch\/?p=4147","title":{"rendered":"29.08.2026: Viel Regen &#8211; wenig Sonne \ud83d\ude25"},"content":{"rendered":"<p>Das, was wir in der Schweiz zu wenig haben, haben die Norweger zuviel. Denn laut Gespr\u00e4chen mit den Norwegern war dies. einer der regenreichsten Sommer seit Jahren (regenreich heisst hier, dass es sehr h\u00e4ufig, nicht unbedingt immer viel). F\u00fcr die Landwirtschaft absolut nicht ideal.<\/p>\n<p>Beim Laden in Gjovik fiel Xaver pl\u00f6tzlich auf, dass ihn diese Landschaft ans Mittelland oder Appenzellerland in der Schweiz erinnert. W\u00e4ren da nur nicht diese roten H\u00e4user \ud83e\udd2d<br \/>\n<a href=\"https:\/\/wavetrophy.sonnegg.ch\/wp-content\/uploads\/2026\/08\/20260829_124531_GegendMittelland.jpg\" target=\"_blank\" rel=\"noopener\"><img loading=\"lazy\" decoding=\"async\" class=\"alignnone wp-image-4148 size-medium\" src=\"https:\/\/wavetrophy.sonnegg.ch\/wp-content\/uploads\/2026\/08\/20260829_124531_GegendMittelland-300x169.jpg\" alt=\"\" width=\"300\" height=\"169\" srcset=\"https:\/\/wavetrophy.sonnegg.ch\/wp-content\/uploads\/2026\/08\/20260829_124531_GegendMittelland-300x169.jpg 300w, https:\/\/wavetrophy.sonnegg.ch\/wp-content\/uploads\/2026\/08\/20260829_124531_GegendMittelland-1024x577.jpg 1024w, https:\/\/wavetrophy.sonnegg.ch\/wp-content\/uploads\/2026\/08\/20260829_124531_GegendMittelland-768x433.jpg 768w, https:\/\/wavetrophy.sonnegg.ch\/wp-content\/uploads\/2026\/08\/20260829_124531_GegendMittelland.jpg 1500w\" sizes=\"auto, (max-width: 300px) 100vw, 300px\" \/><\/a><\/p>\n<p>Auf der Weiterfahrt setzte sich auch der Regen fort. Und ab und zu so stark, dass wir nur noch mit 50km\/h fuhren.<br \/>\nIn Skytta f\u00fcllte ich dann nochmals meinen Akku voll. Denn morgen werden es nur noch etwa 26km bis zur F\u00e4hre sein. Somit werde ich mit ca. 70% in Kiel starten k\u00f6nnen \ud83e\udd17<\/p>\n<p>Hier ist unser \u00dcbernachtungsort. Sieht schon ein bisschen auff\u00e4llig aus (sieht man auf dem Foto nicht so gut)<br \/>\n<a href=\"https:\/\/wavetrophy.sonnegg.ch\/wp-content\/uploads\/2026\/08\/20260829_182914_SkjettenHotel.jpg\" target=\"_blank\" rel=\"noopener\"><img loading=\"lazy\" decoding=\"async\" class=\"alignnone wp-image-4149 size-medium\" src=\"https:\/\/wavetrophy.sonnegg.ch\/wp-content\/uploads\/2026\/08\/20260829_182914_SkjettenHotel-300x169.jpg\" alt=\"\" width=\"300\" height=\"169\" srcset=\"https:\/\/wavetrophy.sonnegg.ch\/wp-content\/uploads\/2026\/08\/20260829_182914_SkjettenHotel-300x169.jpg 300w, https:\/\/wavetrophy.sonnegg.ch\/wp-content\/uploads\/2026\/08\/20260829_182914_SkjettenHotel-1024x577.jpg 1024w, https:\/\/wavetrophy.sonnegg.ch\/wp-content\/uploads\/2026\/08\/20260829_182914_SkjettenHotel-768x433.jpg 768w, https:\/\/wavetrophy.sonnegg.ch\/wp-content\/uploads\/2026\/08\/20260829_182914_SkjettenHotel.jpg 1500w\" sizes=\"auto, (max-width: 300px) 100vw, 300px\" \/><\/a><\/p>\n<p>Auf dem Parkplatz neben dem Hotel sah Xaver dies. Folgende Gedanken tauchten da schnell auf \ud83e\udd2d:<br \/>\n&#171;Wer hat hier wohl den Gr\u00f6ssten?&#187; (erster Gedanke)<br \/>\n&#171;Kommt da ganz oben wohl auch noch was raus?&#187; (zweiter Gedanke)<br \/>\n<a href=\"https:\/\/wavetrophy.sonnegg.ch\/wp-content\/uploads\/2026\/08\/20260829_182402_SkjettenGroesste.jpg\" target=\"_blank\" rel=\"noopener\"><img loading=\"lazy\" decoding=\"async\" class=\"alignnone wp-image-4151 size-medium\" src=\"https:\/\/wavetrophy.sonnegg.ch\/wp-content\/uploads\/2026\/08\/20260829_182402_SkjettenGroesste-300x169.jpg\" alt=\"\" width=\"300\" height=\"169\" srcset=\"https:\/\/wavetrophy.sonnegg.ch\/wp-content\/uploads\/2026\/08\/20260829_182402_SkjettenGroesste-300x169.jpg 300w, https:\/\/wavetrophy.sonnegg.ch\/wp-content\/uploads\/2026\/08\/20260829_182402_SkjettenGroesste-1024x577.jpg 1024w, https:\/\/wavetrophy.sonnegg.ch\/wp-content\/uploads\/2026\/08\/20260829_182402_SkjettenGroesste-768x433.jpg 768w, https:\/\/wavetrophy.sonnegg.ch\/wp-content\/uploads\/2026\/08\/20260829_182402_SkjettenGroesste.jpg 1500w\" sizes=\"auto, (max-width: 300px) 100vw, 300px\" \/><\/a><\/p>\n<p>Hier ist noch die Tagesetappe:<br \/>\n<a href=\"https:\/\/wavetrophy.sonnegg.ch\/wp-content\/uploads\/2026\/08\/20260829_Nordkapptour-2026_Tag-42.jpg\" target=\"_blank\" rel=\"noopener\"><img loading=\"lazy\" decoding=\"async\" class=\"alignnone wp-image-4152 size-medium\" src=\"https:\/\/wavetrophy.sonnegg.ch\/wp-content\/uploads\/2026\/08\/20260829_Nordkapptour-2026_Tag-42-197x300.jpg\" alt=\"\" width=\"197\" height=\"300\" srcset=\"https:\/\/wavetrophy.sonnegg.ch\/wp-content\/uploads\/2026\/08\/20260829_Nordkapptour-2026_Tag-42-197x300.jpg 197w, https:\/\/wavetrophy.sonnegg.ch\/wp-content\/uploads\/2026\/08\/20260829_Nordkapptour-2026_Tag-42-672x1024.jpg 672w, https:\/\/wavetrophy.sonnegg.ch\/wp-content\/uploads\/2026\/08\/20260829_Nordkapptour-2026_Tag-42-768x1170.jpg 768w, https:\/\/wavetrophy.sonnegg.ch\/wp-content\/uploads\/2026\/08\/20260829_Nordkapptour-2026_Tag-42.jpg 985w\" sizes=\"auto, (max-width: 197px) 100vw, 197px\" \/><\/a><br \/>\nuns war gar nicht klar, dass wir nochmals auf \u00fcber 600m\u00fcM hochkraxeln.<\/p>\n<p>Morgen geht es dann nach dem Morgenessen an den Pier von ColorLine. Check-In ist bis 12:00 Uhr m\u00f6glich, die Abfahrt um 14:00 Uhr.<br \/>\nDort werden wir schauen, ob sie mich als Motorrad annehmen. Mautm\u00e4ssig musste ich f\u00fcr die ganze Tour nichts bezahlen \ud83e\udd17. Das deutet eigentlich auf Motorrad hin. Mal schauen.<\/p>\n","protected":false},"excerpt":{"rendered":"<p>Das, was wir in der Schweiz zu wenig haben, haben die Norweger zuviel. Denn laut Gespr\u00e4chen mit den Norwegern war dies. einer der regenreichsten Sommer seit Jahren (regenreich heisst hier, dass es sehr h\u00e4ufig, nicht unbedingt immer viel). F\u00fcr die Landwirtschaft absolut nicht ideal. Beim Laden in Gjovik fiel Xaver pl\u00f6tzlich auf, dass ihn diese &hellip; <a href=\"https:\/\/wavetrophy.sonnegg.ch\/?p=4147\" class=\"more-link\"><span class=\"screen-reader-text\">29.08.2026: Viel Regen &#8211; wenig Sonne \ud83d\ude25<\/span> weiterlesen <span class=\"meta-nav\">&rarr;<\/span><\/a><\/p>\n","protected":false},"author":1,"featured_media":0,"comment_status":"open","ping_status":"closed","sticky":false,"template":"","format":"standard","meta":{"ngg_post_thumbnail":0,"footnotes":""},"categories":[7],"tags":[],"class_list":["post-4147","post","type-post","status-publish","format-standard","hentry","category-microlino-blog"],"post_mailing_queue_ids":[],"_links":{"self":[{"href":"https:\/\/wavetrophy.sonnegg.ch\/index.php?rest_route=\/wp\/v2\/posts\/4147","targetHints":{"allow":["GET"]}}],"collection":[{"href":"https:\/\/wavetrophy.sonnegg.ch\/index.php?rest_route=\/wp\/v2\/posts"}],"about":[{"href":"https:\/\/wavetrophy.sonnegg.ch\/index.php?rest_route=\/wp\/v2\/types\/post"}],"author":[{"embeddable":true,"href":"https:\/\/wavetrophy.sonnegg.ch\/index.php?rest_route=\/wp\/v2\/users\/1"}],"replies":[{"embeddable":true,"href":"https:\/\/wavetrophy.sonnegg.ch\/index.php?rest_route=%2Fwp%2Fv2%2Fcomments&post=4147"}],"version-history":[{"count":1,"href":"https:\/\/wavetrophy.sonnegg.ch\/index.php?rest_route=\/wp\/v2\/posts\/4147\/revisions"}],"predecessor-version":[{"id":4153,"href":"https:\/\/wavetrophy.sonnegg.ch\/index.php?rest_route=\/wp\/v2\/posts\/4147\/revisions\/4153"}],"wp:attachment":[{"href":"https:\/\/wavetrophy.sonnegg.ch\/index.php?rest_route=%2Fwp%2Fv2%2Fmedia&parent=4147"}],"wp:term":[{"taxonomy":"category","embeddable":true,"href":"https:\/\/wavetrophy.sonnegg.ch\/index.php?rest_route=%2Fwp%2Fv2%2Fcategories&post=4147"},{"taxonomy":"post_tag","embeddable":true,"href":"https:\/\/wavetrophy.sonnegg.ch\/index.php?rest_route=%2Fwp%2Fv2%2Ftags&post=4147"}],"curies":[{"name":"wp","href":"https:\/\/api.w.org\/{rel}","templated":true}]}}