{"id":4207,"date":"2026-09-03T22:51:07","date_gmt":"2026-09-03T20:51:07","guid":{"rendered":"https:\/\/wavetrophy.sonnegg.ch\/?p=4207"},"modified":"2026-09-03T22:51:07","modified_gmt":"2026-09-03T20:51:07","slug":"03-09-2026-wow-bin-ich-leistungsfaehig","status":"publish","type":"post","link":"https:\/\/wavetrophy.sonnegg.ch\/?p=4207","title":{"rendered":"03.09.2026: Wow &#8211; bin ich leistungsf\u00e4hig"},"content":{"rendered":"<p>Heute Abend gibt es nur einen kurzen Stand der Dinge. Denn der Tag war sehr lang. Wir sind bei Peter (Kommentarschreiber und lieber Twizy-Freund) und Gudrun festlich bewirtet worden und untergebracht.<br \/>\nAuch Kangoo (Twizyfreund) war anwesend.<br \/>\nHerzlichsten Dank euch allen f\u00fcr eure Begr\u00fcssung und Gastfreundschaft \ud83e\udd17<\/p>\n<p>Und als gr\u00f6sste \u00dcberraschung &#8211; Trudi war extra hierhergefahren, um uns (stimmt nicht ganz &#8211; NUR Xaver) zu sehen, zu begr\u00fcssen und endlich wieder in den Armen halten zu k\u00f6nnen.<br \/>\nAllerherzlichsten Dank f\u00fcr diese \u00dcberraschung \u2764\ufe0f<\/p>\n<p>Nun ist es ein bisschen sp\u00e4ter geworden. Wir beide sind ziemlich m\u00fcde.<\/p>\n<p>Der Tagesbericht wird dann nachtr\u00e4glich noch hier reingeschrieben.<\/p>\n<p>Die Tagesetappe ist aber hier einzusehen:<br \/>\n<a href=\"https:\/\/wavetrophy.sonnegg.ch\/wp-content\/uploads\/2026\/09\/20260903_Nordkapptour-2026_Tag-47.jpg\" target=\"_blank\" rel=\"noopener\"><img loading=\"lazy\" decoding=\"async\" class=\"alignnone wp-image-4208 size-medium\" src=\"https:\/\/wavetrophy.sonnegg.ch\/wp-content\/uploads\/2026\/09\/20260903_Nordkapptour-2026_Tag-47-197x300.jpg\" alt=\"\" width=\"197\" height=\"300\" srcset=\"https:\/\/wavetrophy.sonnegg.ch\/wp-content\/uploads\/2026\/09\/20260903_Nordkapptour-2026_Tag-47-197x300.jpg 197w, https:\/\/wavetrophy.sonnegg.ch\/wp-content\/uploads\/2026\/09\/20260903_Nordkapptour-2026_Tag-47-672x1024.jpg 672w, https:\/\/wavetrophy.sonnegg.ch\/wp-content\/uploads\/2026\/09\/20260903_Nordkapptour-2026_Tag-47-768x1170.jpg 768w, https:\/\/wavetrophy.sonnegg.ch\/wp-content\/uploads\/2026\/09\/20260903_Nordkapptour-2026_Tag-47.jpg 985w\" sizes=\"auto, (max-width: 197px) 100vw, 197px\" \/><\/a><br \/>\nIst rekordverd\u00e4chtig: \u00fcber 270km<\/p>\n","protected":false},"excerpt":{"rendered":"<p>Heute Abend gibt es nur einen kurzen Stand der Dinge. Denn der Tag war sehr lang. Wir sind bei Peter (Kommentarschreiber und lieber Twizy-Freund) und Gudrun festlich bewirtet worden und untergebracht. Auch Kangoo (Twizyfreund) war anwesend. Herzlichsten Dank euch allen f\u00fcr eure Begr\u00fcssung und Gastfreundschaft \ud83e\udd17 Und als gr\u00f6sste \u00dcberraschung &#8211; Trudi war extra hierhergefahren, &hellip; <a href=\"https:\/\/wavetrophy.sonnegg.ch\/?p=4207\" class=\"more-link\"><span class=\"screen-reader-text\">03.09.2026: Wow &#8211; bin ich leistungsf\u00e4hig<\/span> weiterlesen <span class=\"meta-nav\">&rarr;<\/span><\/a><\/p>\n","protected":false},"author":1,"featured_media":0,"comment_status":"open","ping_status":"closed","sticky":false,"template":"","format":"standard","meta":{"ngg_post_thumbnail":0,"footnotes":""},"categories":[7],"tags":[],"class_list":["post-4207","post","type-post","status-publish","format-standard","hentry","category-microlino-blog"],"post_mailing_queue_ids":[],"_links":{"self":[{"href":"https:\/\/wavetrophy.sonnegg.ch\/index.php?rest_route=\/wp\/v2\/posts\/4207","targetHints":{"allow":["GET"]}}],"collection":[{"href":"https:\/\/wavetrophy.sonnegg.ch\/index.php?rest_route=\/wp\/v2\/posts"}],"about":[{"href":"https:\/\/wavetrophy.sonnegg.ch\/index.php?rest_route=\/wp\/v2\/types\/post"}],"author":[{"embeddable":true,"href":"https:\/\/wavetrophy.sonnegg.ch\/index.php?rest_route=\/wp\/v2\/users\/1"}],"replies":[{"embeddable":true,"href":"https:\/\/wavetrophy.sonnegg.ch\/index.php?rest_route=%2Fwp%2Fv2%2Fcomments&post=4207"}],"version-history":[{"count":1,"href":"https:\/\/wavetrophy.sonnegg.ch\/index.php?rest_route=\/wp\/v2\/posts\/4207\/revisions"}],"predecessor-version":[{"id":4209,"href":"https:\/\/wavetrophy.sonnegg.ch\/index.php?rest_route=\/wp\/v2\/posts\/4207\/revisions\/4209"}],"wp:attachment":[{"href":"https:\/\/wavetrophy.sonnegg.ch\/index.php?rest_route=%2Fwp%2Fv2%2Fmedia&parent=4207"}],"wp:term":[{"taxonomy":"category","embeddable":true,"href":"https:\/\/wavetrophy.sonnegg.ch\/index.php?rest_route=%2Fwp%2Fv2%2Fcategories&post=4207"},{"taxonomy":"post_tag","embeddable":true,"href":"https:\/\/wavetrophy.sonnegg.ch\/index.php?rest_route=%2Fwp%2Fv2%2Ftags&post=4207"}],"curies":[{"name":"wp","href":"https:\/\/api.w.org\/{rel}","templated":true}]}}