{"id":4215,"date":"2026-09-04T14:29:41","date_gmt":"2026-09-04T12:29:41","guid":{"rendered":"https:\/\/wavetrophy.sonnegg.ch\/?p=4215"},"modified":"2026-09-04T14:29:41","modified_gmt":"2026-09-04T12:29:41","slug":"04-09-2026-fahrt-nach-hause","status":"publish","type":"post","link":"https:\/\/wavetrophy.sonnegg.ch\/?p=4215","title":{"rendered":"04.09.2026: Fahrt nach Hause"},"content":{"rendered":"<p>Nach einem gem\u00fctlichen Morgenessen verabschiedeten sich Trudi und Xaver wieder. Was Trudi in ca. 3.5 Std schafft, werden wir 12 &#8211; 15 Std brauchen. Denn es sind f\u00fcr uns ca 280km und etliches Nachladen. Das Wetter ist auch noch warm -&gt; geringere Ladeleistung wegen &#171;Hitzestau&#187; im Gep\u00e4ckraum.<\/p>\n<p>Wir verabschieden uns auch von Gudrun. Peter hatte beschlossen, uns noch eine Zeitlang zu begleiten. Er f\u00fchrte uns auf wundersch\u00f6nen Wegen Richtung S\u00fcden. Vor der Verabschiedung luden wir sowohl den Twizy als auch mich. Nicht voll, aber einfach um die Zeit zu nutzen.<\/p>\n<p>Nun sitzt Xaver im Restaurant und ich lade.<br \/>\n<a href=\"https:\/\/wavetrophy.sonnegg.ch\/wp-content\/uploads\/2026\/09\/20260904_133001_BadSaulgau.jpg\" target=\"_blank\" rel=\"noopener\"><img loading=\"lazy\" decoding=\"async\" class=\"alignnone wp-image-4217 size-medium\" src=\"https:\/\/wavetrophy.sonnegg.ch\/wp-content\/uploads\/2026\/09\/20260904_133001_BadSaulgau-300x169.jpg\" alt=\"\" width=\"300\" height=\"169\" srcset=\"https:\/\/wavetrophy.sonnegg.ch\/wp-content\/uploads\/2026\/09\/20260904_133001_BadSaulgau-300x169.jpg 300w, https:\/\/wavetrophy.sonnegg.ch\/wp-content\/uploads\/2026\/09\/20260904_133001_BadSaulgau-1024x577.jpg 1024w, https:\/\/wavetrophy.sonnegg.ch\/wp-content\/uploads\/2026\/09\/20260904_133001_BadSaulgau-768x433.jpg 768w, https:\/\/wavetrophy.sonnegg.ch\/wp-content\/uploads\/2026\/09\/20260904_133001_BadSaulgau.jpg 1500w\" sizes=\"auto, (max-width: 300px) 100vw, 300px\" \/><\/a><br \/>\nXavers Arbeitsplatz \ud83d\ude09<\/p>\n<p>Wenn ich voll bin, so werden wir Richtung Meersburg fahren. Dort nehmen wir die F\u00e4hre und fahren dann wahrscheinlich via Rickenpass nach Hause. Und es wird wahrscheinlich seeeehr sp\u00e4t \ud83d\ude25<\/p>\n","protected":false},"excerpt":{"rendered":"<p>Nach einem gem\u00fctlichen Morgenessen verabschiedeten sich Trudi und Xaver wieder. Was Trudi in ca. 3.5 Std schafft, werden wir 12 &#8211; 15 Std brauchen. Denn es sind f\u00fcr uns ca 280km und etliches Nachladen. Das Wetter ist auch noch warm -&gt; geringere Ladeleistung wegen &#171;Hitzestau&#187; im Gep\u00e4ckraum. Wir verabschieden uns auch von Gudrun. Peter hatte &hellip; <a href=\"https:\/\/wavetrophy.sonnegg.ch\/?p=4215\" class=\"more-link\"><span class=\"screen-reader-text\">04.09.2026: Fahrt nach Hause<\/span> weiterlesen <span class=\"meta-nav\">&rarr;<\/span><\/a><\/p>\n","protected":false},"author":1,"featured_media":0,"comment_status":"open","ping_status":"closed","sticky":false,"template":"","format":"standard","meta":{"ngg_post_thumbnail":0,"footnotes":""},"categories":[7],"tags":[],"class_list":["post-4215","post","type-post","status-publish","format-standard","hentry","category-microlino-blog"],"post_mailing_queue_ids":[],"_links":{"self":[{"href":"https:\/\/wavetrophy.sonnegg.ch\/index.php?rest_route=\/wp\/v2\/posts\/4215","targetHints":{"allow":["GET"]}}],"collection":[{"href":"https:\/\/wavetrophy.sonnegg.ch\/index.php?rest_route=\/wp\/v2\/posts"}],"about":[{"href":"https:\/\/wavetrophy.sonnegg.ch\/index.php?rest_route=\/wp\/v2\/types\/post"}],"author":[{"embeddable":true,"href":"https:\/\/wavetrophy.sonnegg.ch\/index.php?rest_route=\/wp\/v2\/users\/1"}],"replies":[{"embeddable":true,"href":"https:\/\/wavetrophy.sonnegg.ch\/index.php?rest_route=%2Fwp%2Fv2%2Fcomments&post=4215"}],"version-history":[{"count":2,"href":"https:\/\/wavetrophy.sonnegg.ch\/index.php?rest_route=\/wp\/v2\/posts\/4215\/revisions"}],"predecessor-version":[{"id":4218,"href":"https:\/\/wavetrophy.sonnegg.ch\/index.php?rest_route=\/wp\/v2\/posts\/4215\/revisions\/4218"}],"wp:attachment":[{"href":"https:\/\/wavetrophy.sonnegg.ch\/index.php?rest_route=%2Fwp%2Fv2%2Fmedia&parent=4215"}],"wp:term":[{"taxonomy":"category","embeddable":true,"href":"https:\/\/wavetrophy.sonnegg.ch\/index.php?rest_route=%2Fwp%2Fv2%2Fcategories&post=4215"},{"taxonomy":"post_tag","embeddable":true,"href":"https:\/\/wavetrophy.sonnegg.ch\/index.php?rest_route=%2Fwp%2Fv2%2Ftags&post=4215"}],"curies":[{"name":"wp","href":"https:\/\/api.w.org\/{rel}","templated":true}]}}